{"id":22178,"date":"2017-09-28T10:01:15","date_gmt":"2017-09-28T13:01:15","guid":{"rendered":"http:\/\/blueowlcreative.com\/wp\/fortuna_export\/?p=22178"},"modified":"2021-04-28T11:59:31","modified_gmt":"2021-04-28T14:59:31","slug":"aquarela-emocional","status":"publish","type":"post","link":"https:\/\/agenciabear.com.br\/?p=22178","title":{"rendered":"Aquarela emocional"},"content":{"rendered":"<p>As cores t\u00eam um papel importante na percep\u00e7\u00e3o do universo que nos&nbsp;rodeia. Elas jogam um papel de destaque na nossa vida emocional e por isso ficam&nbsp;impregnadas \u00e0s marcas. Vamos fazer um exerc\u00edcio? A cada marca lida, qual cor lhe&nbsp;veio \u00e0 cabe\u00e7a: McDonald\u2019s, Facebook, Youtube, Ita\u00fa&#8230;Bear?! As marcas s\u00e3o&nbsp;relacionadas \u00e0 cores por 80% das pessoas.<\/p>\n<p>Mas engano o seu se acha que enxergamos com os olhos, vemos mesmo \u00e9 com o&nbsp;c\u00e9rebro. Mais de 60% do nosso c\u00f3rtex est\u00e1 envolvido com o sistema visual, ou seja,&nbsp;o c\u00e9rebro \u00e9 capaz de imaginar cores conhecidas de um objeto mal ele aparece no&nbsp;campo visual.<\/p>\n<p>&nbsp;<\/p>\n<p><strong>Cores e sabores<\/strong><br \/>\nEssa rela\u00e7\u00e3o \u00e9 de extrema import\u00e2ncia para a ind\u00fastria de alimentos. Uma pesquisa&nbsp;realizada pelo Crossmodal Research Laboratory, da Universidade de Oxford, confirma&nbsp;que as cores preparam o c\u00e9rebro para o gosto que vir\u00e1. Dessa forma, o estudo conclui&nbsp;que o gosto doce est\u00e1 mais relacionado \u00e0 cor vermelha, e um pouco com as cores<br \/>\nlaranja, branca e amarela. O azedo est\u00e1 relacionado com o amarelo e tamb\u00e9m um&nbsp;pouco ao verde. O salgado \u00e9 fortemente relacionado com a cor branca e o amargo&nbsp;estaria, com menor intensidade do que os demais, associado ao verde e ao preto.<\/p>\n<p>Agora se formos analisar o utens\u00edlio utilizado no momento de consumir o produto, esse&nbsp;fator tamb\u00e9m \u00e9 predominante no \u201cpr\u00e9\u201d sabor diagnosticado pelo c\u00e9rebro. Outras&nbsp;pesquisas afirmam que dizer se um caf\u00e9 \u00e9 ou n\u00e3o saborosa tem rela\u00e7\u00e3o com a cor da&nbsp;x\u00edcara. As brancas fazem parecer que o caf\u00e9 \u00e9 mais amargo do que quando servido<br \/>\nem x\u00edcaras na cor azul.<\/p>\n<p>&nbsp;<\/p>\n<p><strong><br \/>\nUma infinidade de cores<\/strong><br \/>\nVoc\u00ea j\u00e1 parou para pensar na infinidade de tons que existe para maquiagem?&nbsp;Esmaltes? Pintura para cabelo? Isso n\u00e3o \u00e9 por acaso.<\/p>\n<p>A cor cria experi\u00eancias e transmite associa\u00e7\u00f5es espec\u00edficas, fazendo-nos reagir a elas&nbsp;intuitivamente. A rela\u00e7\u00e3o entre as cores e a nossa percep\u00e7\u00e3o das propriedades f\u00edsicas&nbsp;dos objetos se d\u00e1 sobre tr\u00eas dimens\u00f5es b\u00e1sicas:<br \/>\n<em>1. Luminosidade<\/em> (intensidade da cor, quanto mais luminoso maior a sensa\u00e7\u00e3o de que&nbsp;estamos pr\u00f3ximos ao objeto).<br \/>\n<em>2. Satura\u00e7\u00e3o<\/em> (pureza crom\u00e1tica, maior a impress\u00e3o do movimento do objeto).<br \/>\n<em>3. Matiz<\/em> (nuances da cor que conseguimos enxergar, quanto mais vemos cores&nbsp;quentes mais \u00e9 desencadeado sensa\u00e7\u00f5es de energia e descontra\u00e7\u00e3o e para cores&nbsp;frias, a calma e introvers\u00e3o).<\/p>\n<p>Em termos de neuroci\u00eancia, vale ressaltar que o azul aciona o c\u00f3rtex pr\u00e9-frontal&nbsp;(respons\u00e1vel pelos pensamentos mais racionais), o vermelho a am\u00edgdala (aciona os&nbsp;estados de alerta e aten\u00e7\u00e3o), o laranja e amarelo o sistema de recompensa (o local do&nbsp;c\u00e9rebro que os publicit\u00e1rios mais amam).<\/p>\n<p>&nbsp;<\/p>\n<p><strong>Qual cor utilizar para meu cliente?<\/strong><br \/>\nEis que chegou a grande quest\u00e3o, qual cor uso no meu an\u00fancio?! Uma pesquisa&nbsp;realizada pela equipe do professor J. Hallock revelou que pessoas abaixo de 70 anos&nbsp;de ambos os sexos tem, como prefer\u00eancia, a cor azul.<\/p>\n<p>Para as mulheres, a segunda cor seria o lil\u00e1s\/roxo, que j\u00e1 \u00e9 a segunda cor mais&nbsp;rejeitada pelos homens.<\/p>\n<p>\u00c9 claro que, esses s\u00e3o estudos neurais que salientam as cores que acionam&nbsp;sensa\u00e7\u00f5es positivas e negativas. Para o logotipo, muitas vezes \u00e9 levado em&nbsp;considera\u00e7\u00e3o outros quesitos \u201cpessoais\u201d para sua elabora\u00e7\u00e3o, o que pode acabar<br \/>\nfugindo um pouco desse escopo de dados. O importante \u00e9 que a mensagem da sua&nbsp;marca fa\u00e7a sentido ao seu neg\u00f3cio, saber \u201ccomo\u201d e um \u201cporque\u201d foi seguida aquela&nbsp;linha de racioc\u00ednio \u00e9 importante porque podem perguntar e voc\u00ea precisar\u00e1 saber a&nbsp;resposta.<\/p>\n<p>Andr\u00e9a Tavares<\/p>\n<p>&nbsp;<\/p>\n<p>Site fonte da imagem:&nbsp;<a href=\"http:\/\/br.freepik.com\/fotos-gratis\/padrao-bonito-com-fatias-de-melancia-fresca-em-fundo-amarelo-brilhante-vista-do-topo-espaco-de-copia_1160082.htm\" target=\"_blank\" rel=\"noopener\">Designed by Freepik<\/a><\/p>\n","protected":false},"excerpt":{"rendered":"<p>As cores t\u00eam um papel importante na percep\u00e7\u00e3o do universo que nos&nbsp;rodeia. Elas jogam um papel de destaque na nossa vida emocional e por isso ficam&nbsp;impregnadas \u00e0s marcas. Vamos fazer um exerc\u00edcio? A cada marca lida, qual cor lhe&nbsp;veio \u00e0 cabe\u00e7a: McDonald\u2019s, Facebook, Youtube, Ita\u00fa&#8230;Bear?! As marcas s\u00e3o&nbsp;relacionadas \u00e0 cores por 80% das pessoas. Mas [&hellip;]<\/p>\n","protected":false},"author":1,"featured_media":29810,"comment_status":"open","ping_status":"open","sticky":false,"template":"","format":"standard","meta":{"_et_pb_use_builder":"","_et_pb_old_content":"","_et_gb_content_width":"","footnotes":""},"categories":[28],"tags":[],"class_list":["post-22178","post","type-post","status-publish","format-standard","has-post-thumbnail","hentry","category-neuromarketing"],"_links":{"self":[{"href":"https:\/\/agenciabear.com.br\/index.php?rest_route=\/wp\/v2\/posts\/22178","targetHints":{"allow":["GET"]}}],"collection":[{"href":"https:\/\/agenciabear.com.br\/index.php?rest_route=\/wp\/v2\/posts"}],"about":[{"href":"https:\/\/agenciabear.com.br\/index.php?rest_route=\/wp\/v2\/types\/post"}],"author":[{"embeddable":true,"href":"https:\/\/agenciabear.com.br\/index.php?rest_route=\/wp\/v2\/users\/1"}],"replies":[{"embeddable":true,"href":"https:\/\/agenciabear.com.br\/index.php?rest_route=%2Fwp%2Fv2%2Fcomments&post=22178"}],"version-history":[{"count":4,"href":"https:\/\/agenciabear.com.br\/index.php?rest_route=\/wp\/v2\/posts\/22178\/revisions"}],"predecessor-version":[{"id":29220,"href":"https:\/\/agenciabear.com.br\/index.php?rest_route=\/wp\/v2\/posts\/22178\/revisions\/29220"}],"wp:featuredmedia":[{"embeddable":true,"href":"https:\/\/agenciabear.com.br\/index.php?rest_route=\/wp\/v2\/media\/29810"}],"wp:attachment":[{"href":"https:\/\/agenciabear.com.br\/index.php?rest_route=%2Fwp%2Fv2%2Fmedia&parent=22178"}],"wp:term":[{"taxonomy":"category","embeddable":true,"href":"https:\/\/agenciabear.com.br\/index.php?rest_route=%2Fwp%2Fv2%2Fcategories&post=22178"},{"taxonomy":"post_tag","embeddable":true,"href":"https:\/\/agenciabear.com.br\/index.php?rest_route=%2Fwp%2Fv2%2Ftags&post=22178"}],"curies":[{"name":"wp","href":"https:\/\/api.w.org\/{rel}","templated":true}]}}